{"id":1299,"date":"2025-01-14T14:45:04","date_gmt":"2025-01-14T14:45:04","guid":{"rendered":"https:\/\/www.human-rights-iran.org\/hri\/?p=1299"},"modified":"2025-01-14T14:45:05","modified_gmt":"2025-01-14T14:45:05","slug":"besorgniserregende-zunahme-der-hinrichtungen-im-iran","status":"publish","type":"post","link":"https:\/\/www.human-rights-iran.org\/hri\/archives\/1299","title":{"rendered":"Besorgniserregende Zunahme der Hinrichtungen im Iran"},"content":{"rendered":"\n<figure class=\"wp-block-image size-full\"><img loading=\"lazy\" decoding=\"async\" width=\"640\" height=\"320\" src=\"https:\/\/www.human-rights-iran.org\/hri\/wp-content\/uploads\/2024\/10\/kd_med_at_logo_new1.jpg\" alt=\"\" class=\"wp-image-1123\" srcset=\"https:\/\/www.human-rights-iran.org\/hri\/wp-content\/uploads\/2024\/10\/kd_med_at_logo_new1.jpg 640w, https:\/\/www.human-rights-iran.org\/hri\/wp-content\/uploads\/2024\/10\/kd_med_at_logo_new1-300x150.jpg 300w\" sizes=\"(max-width: 640px) 100vw, 640px\" \/><\/figure>\n\n\n\n<p><strong>B\u00fcro des Hohen Kommissars f\u00fcr Menschenrechte in Genf<\/strong><\/p>\n\n\n\n<p><strong>Presseinformationen \u00fcber den Iran &#8211; 07. Januar 2025<\/strong><strong><\/strong><\/p>\n\n\n\n<p><strong>GENF<\/strong> &#8211; UN-Menschenrechtschef <strong>Volker T\u00fcrk<\/strong>, der Hochkommissar f\u00fcr Menschenrechte der Vereinten Nationen, hat am Dienstag seine tiefe Besorgnis \u00fcber den deutlichen Anstieg der Hinrichtungen im Iran im vergangenen Jahr zum Ausdruck gebracht.<\/p>\n\n\n<div class=\"wp-block-image\">\n<figure class=\"alignright size-large is-resized\"><img loading=\"lazy\" decoding=\"async\" width=\"1024\" height=\"576\" src=\"https:\/\/www.human-rights-iran.org\/hri\/wp-content\/uploads\/2024\/08\/un_hr_komiser_folker_turk-1024x576.jpg\" alt=\"\" class=\"wp-image-946\" style=\"width:444px;height:auto\" srcset=\"https:\/\/www.human-rights-iran.org\/hri\/wp-content\/uploads\/2024\/08\/un_hr_komiser_folker_turk-1024x576.jpg 1024w, https:\/\/www.human-rights-iran.org\/hri\/wp-content\/uploads\/2024\/08\/un_hr_komiser_folker_turk-300x169.jpg 300w, https:\/\/www.human-rights-iran.org\/hri\/wp-content\/uploads\/2024\/08\/un_hr_komiser_folker_turk-768x432.jpg 768w, https:\/\/www.human-rights-iran.org\/hri\/wp-content\/uploads\/2024\/08\/un_hr_komiser_folker_turk.jpg 1110w\" sizes=\"(max-width: 1024px) 100vw, 1024px\" \/><\/figure><\/div>\n\n\n<p>Laut Berichten wurden im Jahr 2024 mindestens 901 Menschen hingerichtet, darunter allein im Dezember etwa 40 innerhalb einer Woche.<\/p>\n\n\n\n<p>Im Jahr 2023 lag die Zahl der Hinrichtungen bei mindestens 853. Diese Entwicklung wird von T\u00fcrk als besorgniserregend bezeichnet, da die Anzahl der j\u00e4hrlich verurteilten Personen im Iran kontinuierlich zunimmt. Er betont die Dringlichkeit, dass der Iran diese zunehmende Anzahl von Hinrichtungen umgehend unterbindet.<\/p>\n\n\n\n<p>Die Mehrzahl der im vergangenen Jahr vollzogenen Hinrichtungen erfolgte aufgrund von Drogendelikten.<\/p>\n\n\n\n<p>Dar\u00fcber hinaus wurden auch Dissidenten sowie Personen hingerichtet, die mit den Protesten des Jahres 2022 in Verbindung gebracht werden. Zudem ist ein Anstieg der Anzahl der hingerichteten Frauen zu verzeichnen.<\/p>\n\n\n\n<p>Der Hohe Kommissar f\u00fcr Menschenrechte positioniert sich uneingeschr\u00e4nkt gegen die Todesstrafe. Sie wies darauf hin, dass die Todesstrafe mit dem Grundrecht auf Leben unvereinbar sei und das Risiko erh\u00f6he, unschuldige Menschen hinzurichten.<\/p>\n\n\n\n<p>Es sei explizit darauf hingewiesen, dass die Todesstrafe niemals f\u00fcr Handlungen verh\u00e4ngt werden darf, die durch die internationalen Menschenrechtsnormen gesch\u00fctzt sind.&#8221;<\/p>\n\n\n\n<p>Der UN-Menschenrechtsbeauftragte forderte die iranischen Beh\u00f6rden auf, s\u00e4mtliche weitere Hinrichtungen zu unterbinden und ein Moratorium f\u00fcr die Anwendung der Todesstrafe zu verh\u00e4ngen, um eine endg\u00fcltige Abschaffung der letztgenannten zu gew\u00e4hrleisten.<\/p>\n\n\n\n<p>Etwa 170 Staaten haben die Todesstrafe entweder abgeschafft oder ein Moratorium f\u00fcr ihre Anwendung verh\u00e4ngt.<\/p>\n\n\n\n<p><strong>Source:<\/strong> <a href=\"https:\/\/www.ohchr.org\/en\/press-releases\/2025\/01\/iran-rise-executions-deeply-troubling-un-human-rights-chief\">https:\/\/www.ohchr.org\/en\/press-releases\/2025\/01\/iran-rise-executions-deeply-troubling-un-human-rights-chief<\/a><\/p>\n\n\n\n<p><strong>Sehr geehrter Herr Volker T\u00fcrk,<\/strong><\/p>\n\n\n\n<p><strong>Hoher Kommissar der Vereinten Nationen f\u00fcr Menschenrechte<\/strong><\/p>\n\n\n\n<p><strong>Sehr geehrte Damen und Herren,<\/strong><\/p>\n\n\n\n<p>Wir, die iranischen Menschenrechtsorganisationen in \u00d6sterreich, sprechen Ihnen unsere gro\u00dfe Anerkennung f\u00fcr Ihren Bericht \u00fcber den alarmierenden Anstieg der Hinrichtungen im Iran im Jahr <strong>2024<\/strong> und Ihren Aufruf zur Abschaffung der Todesstrafe in diesem Land aus.<\/p>\n\n\n\n<p>Die Ver\u00f6ffentlichung dieses Berichts unterstreicht, wie wichtig es ist, gegen die Todesstrafe zu k\u00e4mpfen und das Leben und die Menschenw\u00fcrde zu verteidigen.<\/p>\n\n\n\n<p>In diesem Zusammenhang l\u00e4uft seit mehr als f\u00fcnfzig Wochen in den Gef\u00e4ngnissen verschiedener iranischer St\u00e4dte eine breit angelegte Kampagne unter dem Titel \u201eDienstags gegen Hinrichtungen\u201c gegen die Todesurteile im Iran.<\/p>\n\n\n\n<p>Wir hoffen aufrichtig, dass Ihr Dr\u00e4ngen auf einen sofortigen Hinrichtungsstopp und Ihr Appell an die iranischen Beh\u00f6rden, die Todesstrafe abzuschaffen, zu positiven Ergebnissen f\u00fchren und einen entscheidenden Schritt in Richtung Gerechtigkeit und Linderung des durch diese unmenschliche Strafe verursachten Leids darstellen werden. Diese Bem\u00fchungen n\u00e4hren die Hoffnung vieler Menschen, die sich nach einer Zukunft ohne Gewalt sehnen.<\/p>\n\n\n\n<p>Wir, die Menschenrechtsorganisationen, unterst\u00fctzen Ihre Kampagne und hoffen, dass Sie Ihre Bem\u00fchungen fortsetzen, indem Sie Menschenrechtsverletzungen beobachten und \u00fcber die Gremien der Vereinten Nationen geeignete Ma\u00dfnahmen ergreifen, um die Islamische Republik unverz\u00fcglich von weiteren T\u00f6tungen abzuhalten und die Menschenrechtslage im Iran zu verbessern. Bitte erheben Sie weiterhin Ihre Stimme f\u00fcr diejenigen, die ihrer Grundrechte beraubt werden.<\/p>\n\n\n\n<p>Mit Dankbarkeit und Respekt &nbsp;&nbsp;&nbsp;&nbsp;&nbsp;&nbsp;&nbsp;&nbsp;&nbsp;&nbsp;&nbsp;&nbsp;&nbsp;&nbsp;&nbsp;&nbsp;&nbsp;&nbsp;&nbsp;&nbsp;&nbsp;&nbsp;&nbsp;&nbsp;&nbsp;&nbsp;&nbsp;&nbsp;&nbsp;&nbsp;&nbsp;&nbsp;&nbsp;&nbsp;&nbsp;&nbsp;&nbsp;&nbsp;&nbsp;&nbsp;&nbsp;&nbsp;&nbsp;&nbsp;&nbsp;&nbsp;&nbsp;&nbsp;&nbsp;&nbsp;&nbsp;&nbsp;&nbsp;&nbsp;&nbsp;&nbsp;&nbsp;&nbsp;&nbsp;&nbsp;&nbsp;&nbsp;&nbsp;&nbsp;&nbsp;&nbsp;&nbsp;&nbsp;&nbsp;&nbsp;&nbsp;&nbsp;Wien 13.01.2025<\/p>\n\n\n\n<p>Dr. Behrouz Bayat<br>Komitee zur Verteidigung der Menschenrechte im Iran, \u00d6sterreich<\/p>\n\n\n\n<p>Prof. Dr. Siroos Mirzaei<br>Medical Professionals for Human Rights in Iran \u2013 Austria<\/p>\n","protected":false},"excerpt":{"rendered":"<p>B\u00fcro des Hohen Kommissars f\u00fcr Menschenrechte in Genf Presseinformationen \u00fcber den Iran &#8211; 07. Januar 2025 GENF &#8211; UN-Menschenrechtschef Volker T\u00fcrk, der Hochkommissar f\u00fcr Menschenrechte der Vereinten Nationen, hat am Dienstag seine tiefe Besorgnis \u00fcber den deutlichen Anstieg der Hinrichtungen im Iran im vergangenen Jahr zum Ausdruck gebracht. Laut Berichten wurden im Jahr 2024 mindestens 901 Menschen hingerichtet, darunter allein<\/p>\n","protected":false},"author":1,"featured_media":1126,"comment_status":"open","ping_status":"open","sticky":false,"template":"","format":"standard","meta":{"footnotes":""},"categories":[6],"tags":[],"_links":{"self":[{"href":"https:\/\/www.human-rights-iran.org\/hri\/wp-json\/wp\/v2\/posts\/1299"}],"collection":[{"href":"https:\/\/www.human-rights-iran.org\/hri\/wp-json\/wp\/v2\/posts"}],"about":[{"href":"https:\/\/www.human-rights-iran.org\/hri\/wp-json\/wp\/v2\/types\/post"}],"author":[{"embeddable":true,"href":"https:\/\/www.human-rights-iran.org\/hri\/wp-json\/wp\/v2\/users\/1"}],"replies":[{"embeddable":true,"href":"https:\/\/www.human-rights-iran.org\/hri\/wp-json\/wp\/v2\/comments?post=1299"}],"version-history":[{"count":1,"href":"https:\/\/www.human-rights-iran.org\/hri\/wp-json\/wp\/v2\/posts\/1299\/revisions"}],"predecessor-version":[{"id":1300,"href":"https:\/\/www.human-rights-iran.org\/hri\/wp-json\/wp\/v2\/posts\/1299\/revisions\/1300"}],"wp:featuredmedia":[{"embeddable":true,"href":"https:\/\/www.human-rights-iran.org\/hri\/wp-json\/wp\/v2\/media\/1126"}],"wp:attachment":[{"href":"https:\/\/www.human-rights-iran.org\/hri\/wp-json\/wp\/v2\/media?parent=1299"}],"wp:term":[{"taxonomy":"category","embeddable":true,"href":"https:\/\/www.human-rights-iran.org\/hri\/wp-json\/wp\/v2\/categories?post=1299"},{"taxonomy":"post_tag","embeddable":true,"href":"https:\/\/www.human-rights-iran.org\/hri\/wp-json\/wp\/v2\/tags?post=1299"}],"curies":[{"name":"wp","href":"https:\/\/api.w.org\/{rel}","templated":true}]}}