{"id":1087,"date":"2024-09-27T11:55:34","date_gmt":"2024-09-27T11:55:34","guid":{"rendered":"https:\/\/www.human-rights-iran.org\/hri\/?p=1087"},"modified":"2024-10-02T11:30:02","modified_gmt":"2024-10-02T11:30:02","slug":"%da%a9%d9%86%d8%b3%d8%b1%d8%aa-%d9%85%d9%88%d8%b3%db%8c%d9%82%db%8c-%d8%a8%d8%b1%d8%a7%db%8c-%d8%af%d9%81%d8%a7%d8%b9-%d8%a7%d8%b2-%d8%ad%d9%82%d9%88%d9%82-%d8%a8%d8%b4%d8%b1-%d9%88%d9%84%d8%ba%d9%88","status":"publish","type":"post","link":"https:\/\/www.human-rights-iran.org\/hri\/archives\/1087","title":{"rendered":"\u06a9\u0646\u0633\u0631\u062a \u0645\u0648\u0633\u06cc\u0642\u06cc \u0628\u0631\u0627\u06cc \u062f\u0641\u0627\u0639 \u0627\u0632 \u062d\u0642\u0648\u0642 \u0628\u0634\u0631 \u0648\u0644\u063a\u0648 \u0645\u062c\u0627\u0632\u0627\u062a \u0627\u0639\u062f\u0627\u0645 \u062f\u0631 \u0627\u06cc\u0631\u0627\u0646 \u062f\u0631 \u0648\u06cc\u0646"},"content":{"rendered":"\n<figure class=\"wp-block-image size-large\"><img loading=\"lazy\" decoding=\"async\" width=\"724\" height=\"1024\" src=\"https:\/\/www.human-rights-iran.org\/hri\/wp-content\/uploads\/2024\/09\/p_voice_for_life_img-724x1024.jpeg\" alt=\"\" class=\"wp-image-1088\" srcset=\"https:\/\/www.human-rights-iran.org\/hri\/wp-content\/uploads\/2024\/09\/p_voice_for_life_img-724x1024.jpeg 724w, https:\/\/www.human-rights-iran.org\/hri\/wp-content\/uploads\/2024\/09\/p_voice_for_life_img-212x300.jpeg 212w, https:\/\/www.human-rights-iran.org\/hri\/wp-content\/uploads\/2024\/09\/p_voice_for_life_img-768x1086.jpeg 768w, https:\/\/www.human-rights-iran.org\/hri\/wp-content\/uploads\/2024\/09\/p_voice_for_life_img.jpeg 905w\" sizes=\"(max-width: 724px) 100vw, 724px\" \/><\/figure>\n\n\n\n<p>\u0628\u0631\u06af\u0632\u0627\u0631\u06cc \u06cc\u06a9 \u0628\u0631\u0646\u0627\u0645\u0647 \u06a9\u0646\u0633\u0631\u062a \u0645\u0648\u0633\u06cc\u0642\u06cc \u062f\u0631 \u0648\u06cc\u0646-\u0627\u062a\u0631\u06cc\u0634 \u0628\u0627 \u0647\u0645\u06a9\u0627\u0631\u06cc \u0647\u0646\u0631\u0645\u0646\u062f\u0627\u0646 \u0627\u062a\u0631\u06cc\u0634\u06cc \u0648 \u0627\u06cc\u0631\u0627\u0646\u06cc \u0628\u0631\u0627\u06cc \u062f\u0641\u0627\u0639 \u0627\u0632 \u062d\u0642\u0648\u0642 \u0628\u0634\u0631 \u0648\u0644\u063a\u0648 \u0645\u062c\u0627\u0632\u0627\u062a \u0627\u0639\u062f\u0627\u0645 \u062f\u0631 \u0627\u06cc\u0631\u0627\u0646<\/p>\n\n\n\n<p>\u0632\u0645\u0627\u0646 \u0648 \u0645\u06a9\u0627\u0646:<\/p>\n\n\n\n<p>Samstag 28. Sep., 19: 00 | Wien, Theater Akzent<\/p>\n\n\n\n<p>\u0627\u0637\u0644\u0627\u0639\u0627\u062a \u0628\u0631\u0627\u06cc \u062a\u0647\u06cc\u0647 \u0628\u0644\u06cc\u0637:<\/p>\n\n\n\n<p>Ticket: https:\/\/shop.akzent.at\/SelectSeats?ret=2&amp;e=7962&amp;bts=hp<\/p>\n\n\n\n<hr class=\"wp-block-separator has-alpha-channel-opacity\"\/>\n\n\n\n<h3 class=\"wp-block-heading\">Voices for Life<\/h3>\n\n\n\n<p>Benefizkonzert f\u00fcr Menschenrechte und die Abschaffung der Todesstrafe im Iran<\/p>\n\n\n\n<p>Ein musikalischer Abend mit iranischen und \u00f6sterreichischen K\u00fcnstlerinnen und K\u00fcnstlern<\/p>\n\n\n\n<p>Samstag 28. Sep., 19: 00 | Wien, Theater Akzent<\/p>\n\n\n\n<p>Ticket: https:\/\/shop.akzent.at\/SelectSeats?ret=2&amp;e=7962&amp;bts=<\/p>\n\n\n\n<div data-wp-interactive=\"core\/file\" class=\"wp-block-file\"><object data-wp-bind--hidden=\"!state.hasPdfPreview\"  class=\"wp-block-file__embed\" data=\"https:\/\/www.human-rights-iran.org\/hri\/wp-content\/uploads\/2024\/09\/Benefizkonzert-9-2024-v1.pdf\" type=\"application\/pdf\" style=\"width:100%;height:600px\" aria-label=\"Embed of Benefizkonzert-9-2024-v1.\"><\/object><a id=\"wp-block-file--media-31071ede-cfe9-4c1f-bcc2-1a31d44fa506\" href=\"https:\/\/www.human-rights-iran.org\/hri\/wp-content\/uploads\/2024\/09\/Benefizkonzert-9-2024-v1.pdf\">Benefizkonzert-9-2024-v1<\/a><a href=\"https:\/\/www.human-rights-iran.org\/hri\/wp-content\/uploads\/2024\/09\/Benefizkonzert-9-2024-v1.pdf\" class=\"wp-block-file__button wp-element-button\" download aria-describedby=\"wp-block-file--media-31071ede-cfe9-4c1f-bcc2-1a31d44fa506\">Download<\/a><\/div>\n","protected":false},"excerpt":{"rendered":"<p>\u0628\u0631\u06af\u0632\u0627\u0631\u06cc \u06cc\u06a9 \u0628\u0631\u0646\u0627\u0645\u0647 \u06a9\u0646\u0633\u0631\u062a \u0645\u0648\u0633\u06cc\u0642\u06cc \u062f\u0631 \u0648\u06cc\u0646-\u0627\u062a\u0631\u06cc\u0634 \u0628\u0627 \u0647\u0645\u06a9\u0627\u0631\u06cc \u0647\u0646\u0631\u0645\u0646\u062f\u0627\u0646 \u0627\u062a\u0631\u06cc\u0634\u06cc \u0648 \u0627\u06cc\u0631\u0627\u0646\u06cc \u0628\u0631\u0627\u06cc \u062f\u0641\u0627\u0639 \u0627\u0632 \u062d\u0642\u0648\u0642 \u0628\u0634\u0631 \u0648\u0644\u063a\u0648 \u0645\u062c\u0627\u0632\u0627\u062a \u0627\u0639\u062f\u0627\u0645 \u062f\u0631 \u0627\u06cc\u0631\u0627\u0646 \u0632\u0645\u0627\u0646 \u0648 \u0645\u06a9\u0627\u0646: Samstag 28. Sep., 19: 00 | Wien, Theater Akzent \u0627\u0637\u0644\u0627\u0639\u0627\u062a \u0628\u0631\u0627\u06cc \u062a\u0647\u06cc\u0647 \u0628\u0644\u06cc\u0637: Ticket: https:\/\/shop.akzent.at\/SelectSeats?ret=2&amp;e=7962&amp;bts=hp Voices for Life Benefizkonzert f\u00fcr Menschenrechte und die Abschaffung der Todesstrafe im Iran Ein musikalischer Abend mit iranischen und<\/p>\n","protected":false},"author":1,"featured_media":1093,"comment_status":"open","ping_status":"open","sticky":false,"template":"","format":"standard","meta":{"footnotes":""},"categories":[2],"tags":[28],"_links":{"self":[{"href":"https:\/\/www.human-rights-iran.org\/hri\/wp-json\/wp\/v2\/posts\/1087"}],"collection":[{"href":"https:\/\/www.human-rights-iran.org\/hri\/wp-json\/wp\/v2\/posts"}],"about":[{"href":"https:\/\/www.human-rights-iran.org\/hri\/wp-json\/wp\/v2\/types\/post"}],"author":[{"embeddable":true,"href":"https:\/\/www.human-rights-iran.org\/hri\/wp-json\/wp\/v2\/users\/1"}],"replies":[{"embeddable":true,"href":"https:\/\/www.human-rights-iran.org\/hri\/wp-json\/wp\/v2\/comments?post=1087"}],"version-history":[{"count":1,"href":"https:\/\/www.human-rights-iran.org\/hri\/wp-json\/wp\/v2\/posts\/1087\/revisions"}],"predecessor-version":[{"id":1090,"href":"https:\/\/www.human-rights-iran.org\/hri\/wp-json\/wp\/v2\/posts\/1087\/revisions\/1090"}],"wp:featuredmedia":[{"embeddable":true,"href":"https:\/\/www.human-rights-iran.org\/hri\/wp-json\/wp\/v2\/media\/1093"}],"wp:attachment":[{"href":"https:\/\/www.human-rights-iran.org\/hri\/wp-json\/wp\/v2\/media?parent=1087"}],"wp:term":[{"taxonomy":"category","embeddable":true,"href":"https:\/\/www.human-rights-iran.org\/hri\/wp-json\/wp\/v2\/categories?post=1087"},{"taxonomy":"post_tag","embeddable":true,"href":"https:\/\/www.human-rights-iran.org\/hri\/wp-json\/wp\/v2\/tags?post=1087"}],"curies":[{"name":"wp","href":"https:\/\/api.w.org\/{rel}","templated":true}]}}