{"id":1042,"date":"2024-09-05T13:15:39","date_gmt":"2024-09-05T13:15:39","guid":{"rendered":"https:\/\/www.human-rights-iran.org\/hri\/?p=1042"},"modified":"2024-09-05T20:15:48","modified_gmt":"2024-09-05T20:15:48","slug":"%d9%85%d9%88%d8%b2%db%8c%da%a9-%d8%a8%d8%b1%d8%a7%db%8c-%d8%af%d9%81%d8%a7%d8%b9-%d8%a7%d8%b2-%d8%ad%d9%82-%d8%b2%d9%86%d8%af%da%af%db%8c-%da%a9%d9%86%d8%b3%d8%b1%d8%aa-%d8%a8%d8%b1%d8%a7%db%8c","status":"publish","type":"post","link":"https:\/\/www.human-rights-iran.org\/hri\/archives\/1042","title":{"rendered":"\u0645\u0648\u0633\u06cc\u0642\u06cc \u0628\u0631\u0627\u06cc \u062f\u0641\u0627\u0639 \u0627\u0632 \u062d\u0642 \u0632\u0646\u062f\u06af\u06cc: \u06a9\u0646\u0633\u0631\u062a \u0645\u0648\u0633\u06cc\u0642\u06cc \u0628\u0631\u0627\u06cc \u062f\u0641\u0627\u0639 \u0627\u0632 \u062d\u0642\u0648\u0642 \u0628\u0634\u0631 \u0648\u0644\u063a\u0648 \u0645\u062c\u0627\u0632\u0627\u062a \u0627\u0639\u062f\u0627\u0645 \u062f\u0631 \u0627\u06cc\u0631\u0627\u0646"},"content":{"rendered":"\n<figure class=\"wp-block-image size-full\"><img loading=\"lazy\" decoding=\"async\" width=\"800\" height=\"528\" src=\"https:\/\/www.human-rights-iran.org\/hri\/wp-content\/uploads\/2024\/05\/ai_stop_excution.jpeg\" alt=\"\" class=\"wp-image-857\" srcset=\"https:\/\/www.human-rights-iran.org\/hri\/wp-content\/uploads\/2024\/05\/ai_stop_excution.jpeg 800w, https:\/\/www.human-rights-iran.org\/hri\/wp-content\/uploads\/2024\/05\/ai_stop_excution-300x198.jpeg 300w, https:\/\/www.human-rights-iran.org\/hri\/wp-content\/uploads\/2024\/05\/ai_stop_excution-768x507.jpeg 768w, https:\/\/www.human-rights-iran.org\/hri\/wp-content\/uploads\/2024\/05\/ai_stop_excution-120x80.jpeg 120w\" sizes=\"(max-width: 800px) 100vw, 800px\" \/><\/figure>\n\n\n\n<p>\u0628\u0631\u06af\u0632\u0627\u0631\u06cc \u06cc\u06a9 \u0628\u0631\u0646\u0627\u0645\u0647 \u06a9\u0646\u0633\u0631\u062a \u0645\u0648\u0633\u06cc\u0642\u06cc \u062f\u0631 \u0648\u06cc\u0646-\u0627\u062a\u0631\u06cc\u0634 \u0628\u0627 \u0647\u0645\u06a9\u0627\u0631\u06cc \u0647\u0646\u0631\u0645\u0646\u062f\u0627\u0646 \u0627\u062a\u0631\u06cc\u0634\u06cc \u0648 \u0627\u06cc\u0631\u0627\u0646\u06cc \u0628\u0631\u0627\u06cc \u062f\u0641\u0627\u0639 \u0627\u0632 \u062d\u0642\u0648\u0642 \u0628\u0634\u0631 \u0648\u0644\u063a\u0648 \u0645\u062c\u0627\u0632\u0627\u062a \u0627\u0639\u062f\u0627\u0645 \u062f\u0631 \u0627\u06cc\u0631\u0627\u0646 <\/p>\n\n\n\n<figure class=\"wp-block-video\"><video controls src=\"https:\/\/www.human-rights-iran.org\/hri\/wp-content\/uploads\/2024\/09\/animation_stop_excecution.mp4\"><\/video><\/figure>\n\n\n\n<p>\u0632\u0645\u0627\u0646 \u0648 \u0645\u06a9\u0627\u0646:<\/p>\n\n\n\n<p>Samstag 28. Sep., 19: 00 | Wien, Theater Akzent<\/p>\n\n\n\n<p>\u0627\u0637\u0644\u0627\u0639\u0627\u062a \u0628\u0631\u0627\u06cc \u062a\u0647\u06cc\u0647 \u0628\u0644\u06cc\u0637:<\/p>\n\n\n\n<p>Ticket: https:\/\/shop.akzent.at\/SelectSeats?ret=2&amp;e=7962&amp;bts=hp<\/p>\n\n\n\n<hr class=\"wp-block-separator has-alpha-channel-opacity\"\/>\n\n\n\n<h3 class=\"wp-block-heading\">Voices for Life<\/h3>\n\n\n\n<p>Benefizkonzert f\u00fcr Menschenrechte und die Abschaffung der Todesstrafe im Iran<\/p>\n\n\n\n<p>Ein musikalischer Abend mit iranischen und \u00f6sterreichischen K\u00fcnstlerinnen und K\u00fcnstlern<\/p>\n\n\n\n<p>Samstag 28. Sep., 19: 00 | Wien, Theater Akzent<\/p>\n\n\n\n<p>Ticket: https:\/\/shop.akzent.at\/SelectSeats?ret=2&amp;e=7962&amp;bts=hp<\/p>\n","protected":false},"excerpt":{"rendered":"<p>\u0628\u0631\u06af\u0632\u0627\u0631\u06cc \u06cc\u06a9 \u0628\u0631\u0646\u0627\u0645\u0647 \u06a9\u0646\u0633\u0631\u062a \u0645\u0648\u0633\u06cc\u0642\u06cc \u062f\u0631 \u0648\u06cc\u0646-\u0627\u062a\u0631\u06cc\u0634 \u0628\u0627 \u0647\u0645\u06a9\u0627\u0631\u06cc \u0647\u0646\u0631\u0645\u0646\u062f\u0627\u0646 \u0627\u062a\u0631\u06cc\u0634\u06cc \u0648 \u0627\u06cc\u0631\u0627\u0646\u06cc \u0628\u0631\u0627\u06cc \u062f\u0641\u0627\u0639 \u0627\u0632 \u062d\u0642\u0648\u0642 \u0628\u0634\u0631 \u0648\u0644\u063a\u0648 \u0645\u062c\u0627\u0632\u0627\u062a \u0627\u0639\u062f\u0627\u0645 \u062f\u0631 \u0627\u06cc\u0631\u0627\u0646 \u0632\u0645\u0627\u0646 \u0648 \u0645\u06a9\u0627\u0646: Samstag 28. Sep., 19: 00 | Wien, Theater Akzent \u0627\u0637\u0644\u0627\u0639\u0627\u062a \u0628\u0631\u0627\u06cc \u062a\u0647\u06cc\u0647 \u0628\u0644\u06cc\u0637: Ticket: https:\/\/shop.akzent.at\/SelectSeats?ret=2&amp;e=7962&amp;bts=hp Voices for Life Benefizkonzert f\u00fcr Menschenrechte und die Abschaffung der Todesstrafe im Iran Ein musikalischer Abend mit iranischen und<\/p>\n","protected":false},"author":1,"featured_media":857,"comment_status":"open","ping_status":"open","sticky":false,"template":"","format":"standard","meta":{"footnotes":""},"categories":[2],"tags":[28],"_links":{"self":[{"href":"https:\/\/www.human-rights-iran.org\/hri\/wp-json\/wp\/v2\/posts\/1042"}],"collection":[{"href":"https:\/\/www.human-rights-iran.org\/hri\/wp-json\/wp\/v2\/posts"}],"about":[{"href":"https:\/\/www.human-rights-iran.org\/hri\/wp-json\/wp\/v2\/types\/post"}],"author":[{"embeddable":true,"href":"https:\/\/www.human-rights-iran.org\/hri\/wp-json\/wp\/v2\/users\/1"}],"replies":[{"embeddable":true,"href":"https:\/\/www.human-rights-iran.org\/hri\/wp-json\/wp\/v2\/comments?post=1042"}],"version-history":[{"count":4,"href":"https:\/\/www.human-rights-iran.org\/hri\/wp-json\/wp\/v2\/posts\/1042\/revisions"}],"predecessor-version":[{"id":1049,"href":"https:\/\/www.human-rights-iran.org\/hri\/wp-json\/wp\/v2\/posts\/1042\/revisions\/1049"}],"wp:featuredmedia":[{"embeddable":true,"href":"https:\/\/www.human-rights-iran.org\/hri\/wp-json\/wp\/v2\/media\/857"}],"wp:attachment":[{"href":"https:\/\/www.human-rights-iran.org\/hri\/wp-json\/wp\/v2\/media?parent=1042"}],"wp:term":[{"taxonomy":"category","embeddable":true,"href":"https:\/\/www.human-rights-iran.org\/hri\/wp-json\/wp\/v2\/categories?post=1042"},{"taxonomy":"post_tag","embeddable":true,"href":"https:\/\/www.human-rights-iran.org\/hri\/wp-json\/wp\/v2\/tags?post=1042"}],"curies":[{"name":"wp","href":"https:\/\/api.w.org\/{rel}","templated":true}]}}